{"id":73,"date":"2018-04-05T21:17:53","date_gmt":"2018-04-05T19:17:53","guid":{"rendered":"https:\/\/de-vv.com\/aeducentre\/?p=73"},"modified":"2023-04-05T21:27:50","modified_gmt":"2023-04-05T19:27:50","slug":"les-delais-de-presentation-au-permis-de-conduire","status":"publish","type":"post","link":"https:\/\/de-vv.com\/aeducentre\/les-delais-de-presentation-au-permis-de-conduire\/","title":{"rendered":"Les d\u00e9lais de pr\u00e9sentation au permis de conduire"},"content":{"rendered":"[vc_row type=\u00a0\u00bbin_container\u00a0\u00bb full_screen_row_position=\u00a0\u00bbmiddle\u00a0\u00bb column_margin=\u00a0\u00bbdefault\u00a0\u00bb scene_position=\u00a0\u00bbcenter\u00a0\u00bb text_color=\u00a0\u00bbdark\u00a0\u00bb text_align=\u00a0\u00bbleft\u00a0\u00bb overlay_strength=\u00a0\u00bb0.3&Prime; shape_divider_position=\u00a0\u00bbbottom\u00a0\u00bb bg_image_animation=\u00a0\u00bbnone\u00a0\u00bb][vc_column column_padding=\u00a0\u00bbpadding-2-percent\u00a0\u00bb column_padding_position=\u00a0\u00bball\u00a0\u00bb background_color_opacity=\u00a0\u00bb1&Prime; background_hover_color_opacity=\u00a0\u00bb1&Prime; column_link_target=\u00a0\u00bb_self\u00a0\u00bb column_shadow=\u00a0\u00bbnone\u00a0\u00bb column_border_radius=\u00a0\u00bbnone\u00a0\u00bb width=\u00a0\u00bb1\/1&Prime; tablet_width_inherit=\u00a0\u00bbdefault\u00a0\u00bb tablet_text_alignment=\u00a0\u00bbdefault\u00a0\u00bb phone_text_alignment=\u00a0\u00bbdefault\u00a0\u00bb overlay_strength=\u00a0\u00bb0.3&Prime; column_border_width=\u00a0\u00bbnone\u00a0\u00bb column_border_style=\u00a0\u00bbsolid\u00a0\u00bb bg_image_animation=\u00a0\u00bbnone\u00a0\u00bb][vc_column_text css=\u00a0\u00bb.vc_custom_1680722574672{padding-bottom: 12px !important;}\u00a0\u00bb]La pr\u00e9sentation \u00e0 l\u2019examen du permis de conduire est l\u2019une des b\u00eates noires de la formation \u00e0 la conduite automobile : trop peu de places d\u2019examen pour un trop grand nombre de candidats chaque ann\u00e9e. C&rsquo;est aussi le cas \u00e0 Boulogne-Billancourt et dans tout le d\u00e9partement des Hauts-de-Seine (92).<\/p>\n<p><strong>Pourtant, \u00e0 l\u2019Auto-\u00e9cole du Centre, notre gestion nous permet de pr\u00e9senter nos candidats sans d\u00e9lai!<\/strong><\/p>\n<p>En effet, lorsque le candidat a valid\u00e9 un examen blanc, il est pr\u00e9sent\u00e9 tr\u00e8s rapidement selon ses disponibilit\u00e9s.\u00a0<strong>M\u00eame en cas d\u2019\u00e9chec<\/strong>, sous r\u00e9serve d\u2019avoir obtenu un nombre de points significatifs, nos candidats sont pr\u00e9sent\u00e9s dans les m\u00eames conditions.<\/p>\n<p>Profitons de ce billet pour rappeler que les frais de pr\u00e9sentation \u00e0 l\u2019examen du permis de conduire sont interdits. Seul l\u2019accompagnement \u00e0 l\u2019examen est factur\u00e9 au m\u00eame tarif qu\u2019une heure de conduite dans l\u2019\u00e9tablissement.<\/p>\n<p>Vous souhaitez vous inscrire dans notre auto-\u00e9cole de Boulogne-Billancourt ? Prenez contact avec notre agence.[\/vc_column_text][nectar_btn size=\u00a0\u00bblarge\u00a0\u00bb button_style=\u00a0\u00bbregular\u00a0\u00bb button_color_2=\u00a0\u00bbExtra-Color-1&Prime; icon_family=\u00a0\u00bbdefault_arrow\u00a0\u00bb url=\u00a0\u00bbhttps:\/\/de-vv.com\/aeducentre\/contact\/\u00a0\u00bb text=\u00a0\u00bbPrendre RDV\u00a0\u00bb margin_top=\u00a0\u00bb5&Prime; margin_right=\u00a0\u00bb10&Prime; margin_bottom=\u00a0\u00bb5&Prime;][nectar_btn size=\u00a0\u00bblarge\u00a0\u00bb button_style=\u00a0\u00bbregular\u00a0\u00bb button_color_2=\u00a0\u00bbAccent-Color\u00a0\u00bb icon_family=\u00a0\u00bbfontawesome\u00a0\u00bb url=\u00a0\u00bbtel:01.84.19.42.84&Prime; text=\u00a0\u00bb 01 84 19 42 84&Prime; margin_top=\u00a0\u00bb5&Prime; margin_right=\u00a0\u00bb10&Prime; margin_bottom=\u00a0\u00bb5&Prime; icon_fontawesome=\u00a0\u00bbfa fa-mobile\u00a0\u00bb][\/vc_column][\/vc_row]\n","protected":false},"excerpt":{"rendered":"<p>[vc_row type=\u00a0\u00bbin_container\u00a0\u00bb full_screen_row_position=\u00a0\u00bbmiddle\u00a0\u00bb column_margin=\u00a0\u00bbdefault\u00a0\u00bb scene_position=\u00a0\u00bbcenter\u00a0\u00bb text_color=\u00a0\u00bbdark\u00a0\u00bb text_align=\u00a0\u00bbleft\u00a0\u00bb overlay_strength=\u00a0\u00bb0.3&Prime; shape_divider_position=\u00a0\u00bbbottom\u00a0\u00bb bg_image_animation=\u00a0\u00bbnone\u00a0\u00bb][vc_column column_padding=\u00a0\u00bbpadding-2-percent\u00a0\u00bb column_padding_position=\u00a0\u00bball\u00a0\u00bb background_color_opacity=\u00a0\u00bb1&Prime; background_hover_color_opacity=\u00a0\u00bb1&Prime; column_link_target=\u00a0\u00bb_self\u00a0\u00bb column_shadow=\u00a0\u00bbnone\u00a0\u00bb column_border_radius=\u00a0\u00bbnone\u00a0\u00bb width=\u00a0\u00bb1\/1&Prime; tablet_width_inherit=\u00a0\u00bbdefault\u00a0\u00bb tablet_text_alignment=\u00a0\u00bbdefault\u00a0\u00bb phone_text_alignment=\u00a0\u00bbdefault\u00a0\u00bb overlay_strength=\u00a0\u00bb0.3&Prime; column_border_width=\u00a0\u00bbnone\u00a0\u00bb column_border_style=\u00a0\u00bbsolid\u00a0\u00bb bg_image_animation=\u00a0\u00bbnone\u00a0\u00bb][vc_column_text css=\u00a0\u00bb.vc_custom_1680722574672{padding-bottom: 12px !important;}\u00a0\u00bb]La pr\u00e9sentation \u00e0&#8230;<\/p>\n","protected":false},"author":1,"featured_media":74,"comment_status":"open","ping_status":"open","sticky":false,"template":"","format":"standard","meta":[],"categories":[9],"tags":[12,11,10],"yoast_head":"<!-- This site is optimized with the Yoast SEO plugin v20.5 - https:\/\/yoast.com\/wordpress\/plugins\/seo\/ -->\n<title>D\u00e9lai de pr\u00e9sentation au permis de conduire - Auto-\u00e9cole du Centre<\/title>\n<meta name=\"description\" content=\"Les d\u00e9lais de pr\u00e9sentation \u00e0 l&#039;examen du permis de conduire sont longs. L&#039;Auto-\u00e9cole du Centre \u00e0 Boulogne-Billancourt vous pr\u00e9sente rapidement\" \/>\n<meta name=\"robots\" content=\"noindex, follow, max-snippet:-1, max-image-preview:large, max-video-preview:-1\" \/>\n<meta property=\"og:locale\" content=\"fr_FR\" \/>\n<meta property=\"og:type\" content=\"article\" \/>\n<meta property=\"og:title\" content=\"D\u00e9lai de pr\u00e9sentation au permis de conduire - Auto-\u00e9cole du Centre\" \/>\n<meta property=\"og:description\" content=\"Les d\u00e9lais de pr\u00e9sentation \u00e0 l&#039;examen du permis de conduire sont longs. L&#039;Auto-\u00e9cole du Centre \u00e0 Boulogne-Billancourt vous pr\u00e9sente rapidement\" \/>\n<meta property=\"og:url\" content=\"https:\/\/de-vv.com\/aeducentre\/les-delais-de-presentation-au-permis-de-conduire\/\" \/>\n<meta property=\"og:site_name\" content=\"Auto-\u00e9cole du Centre\" \/>\n<meta property=\"article:publisher\" content=\"https:\/\/www.facebook.com\/ae.cettac\" \/>\n<meta property=\"article:published_time\" content=\"2018-04-05T19:17:53+00:00\" \/>\n<meta property=\"article:modified_time\" content=\"2023-04-05T19:27:50+00:00\" \/>\n<meta property=\"og:image\" content=\"https:\/\/de-vv.com\/aeducentre\/wp-content\/uploads\/2023\/04\/delais-presentation-permis-de-conduire-boulogne-billancourt.jpg\" \/>\n\t<meta property=\"og:image:width\" content=\"1280\" \/>\n\t<meta property=\"og:image:height\" content=\"853\" \/>\n\t<meta property=\"og:image:type\" content=\"image\/jpeg\" \/>\n<meta name=\"author\" content=\"agence\" \/>\n<meta name=\"twitter:card\" content=\"summary_large_image\" \/>\n<meta name=\"twitter:label1\" content=\"\u00c9crit par\" \/>\n\t<meta name=\"twitter:data1\" content=\"agence\" \/>\n\t<meta name=\"twitter:label2\" content=\"Dur\u00e9e de lecture estim\u00e9e\" \/>\n\t<meta name=\"twitter:data2\" content=\"2 minutes\" \/>\n<script type=\"application\/ld+json\" class=\"yoast-schema-graph\">{\"@context\":\"https:\/\/schema.org\",\"@graph\":[{\"@type\":\"Article\",\"@id\":\"https:\/\/de-vv.com\/aeducentre\/les-delais-de-presentation-au-permis-de-conduire\/#article\",\"isPartOf\":{\"@id\":\"https:\/\/de-vv.com\/aeducentre\/les-delais-de-presentation-au-permis-de-conduire\/\"},\"author\":{\"name\":\"agence\",\"@id\":\"http:\/\/de-vv.com\/aeducentre\/#\/schema\/person\/e2b9f238bb625f7c38c0887664825633\"},\"headline\":\"Les d\u00e9lais de pr\u00e9sentation au permis de conduire\",\"datePublished\":\"2018-04-05T19:17:53+00:00\",\"dateModified\":\"2023-04-05T19:27:50+00:00\",\"mainEntityOfPage\":{\"@id\":\"https:\/\/de-vv.com\/aeducentre\/les-delais-de-presentation-au-permis-de-conduire\/\"},\"wordCount\":340,\"commentCount\":0,\"publisher\":{\"@id\":\"http:\/\/de-vv.com\/aeducentre\/#organization\"},\"keywords\":[\"d\u00e9lais d'attente\",\"examen\",\"Permis de conduire\"],\"articleSection\":[\"Permis de conduire\"],\"inLanguage\":\"fr-FR\",\"potentialAction\":[{\"@type\":\"CommentAction\",\"name\":\"Comment\",\"target\":[\"https:\/\/de-vv.com\/aeducentre\/les-delais-de-presentation-au-permis-de-conduire\/#respond\"]}]},{\"@type\":\"WebPage\",\"@id\":\"https:\/\/de-vv.com\/aeducentre\/les-delais-de-presentation-au-permis-de-conduire\/\",\"url\":\"https:\/\/de-vv.com\/aeducentre\/les-delais-de-presentation-au-permis-de-conduire\/\",\"name\":\"D\u00e9lai de pr\u00e9sentation au permis de conduire - Auto-\u00e9cole du Centre\",\"isPartOf\":{\"@id\":\"http:\/\/de-vv.com\/aeducentre\/#website\"},\"datePublished\":\"2018-04-05T19:17:53+00:00\",\"dateModified\":\"2023-04-05T19:27:50+00:00\",\"description\":\"Les d\u00e9lais de pr\u00e9sentation \u00e0 l'examen du permis de conduire sont longs. L'Auto-\u00e9cole du Centre \u00e0 Boulogne-Billancourt vous pr\u00e9sente rapidement\",\"breadcrumb\":{\"@id\":\"https:\/\/de-vv.com\/aeducentre\/les-delais-de-presentation-au-permis-de-conduire\/#breadcrumb\"},\"inLanguage\":\"fr-FR\",\"potentialAction\":[{\"@type\":\"ReadAction\",\"target\":[\"https:\/\/de-vv.com\/aeducentre\/les-delais-de-presentation-au-permis-de-conduire\/\"]}]},{\"@type\":\"BreadcrumbList\",\"@id\":\"https:\/\/de-vv.com\/aeducentre\/les-delais-de-presentation-au-permis-de-conduire\/#breadcrumb\",\"itemListElement\":[{\"@type\":\"ListItem\",\"position\":1,\"name\":\"Accueil\",\"item\":\"http:\/\/de-vv.com\/aeducentre\/\"},{\"@type\":\"ListItem\",\"position\":2,\"name\":\"Les d\u00e9lais de pr\u00e9sentation au permis de conduire\"}]},{\"@type\":\"WebSite\",\"@id\":\"http:\/\/de-vv.com\/aeducentre\/#website\",\"url\":\"http:\/\/de-vv.com\/aeducentre\/\",\"name\":\"Auto-\u00e9cole du Centre\",\"description\":\"Auto-\u00e9cole et Moto-\u00e9cole \u00e0 Boulogne-Billancourt\",\"publisher\":{\"@id\":\"http:\/\/de-vv.com\/aeducentre\/#organization\"},\"potentialAction\":[{\"@type\":\"SearchAction\",\"target\":{\"@type\":\"EntryPoint\",\"urlTemplate\":\"http:\/\/de-vv.com\/aeducentre\/?s={search_term_string}\"},\"query-input\":\"required name=search_term_string\"}],\"inLanguage\":\"fr-FR\"},{\"@type\":\"Organization\",\"@id\":\"http:\/\/de-vv.com\/aeducentre\/#organization\",\"name\":\"Auto-\u00e9cole du Centre\",\"url\":\"http:\/\/de-vv.com\/aeducentre\/\",\"logo\":{\"@type\":\"ImageObject\",\"inLanguage\":\"fr-FR\",\"@id\":\"http:\/\/de-vv.com\/aeducentre\/#\/schema\/logo\/image\/\",\"url\":\"http:\/\/de-vv.com\/aeducentre\/wp-content\/uploads\/2023\/04\/auto-ecole-cettac_boulogne_logo.png\",\"contentUrl\":\"http:\/\/de-vv.com\/aeducentre\/wp-content\/uploads\/2023\/04\/auto-ecole-cettac_boulogne_logo.png\",\"width\":582,\"height\":385,\"caption\":\"Auto-\u00e9cole du Centre\"},\"image\":{\"@id\":\"http:\/\/de-vv.com\/aeducentre\/#\/schema\/logo\/image\/\"},\"sameAs\":[\"https:\/\/www.facebook.com\/ae.cettac\"]},{\"@type\":\"Person\",\"@id\":\"http:\/\/de-vv.com\/aeducentre\/#\/schema\/person\/e2b9f238bb625f7c38c0887664825633\",\"name\":\"agence\",\"image\":{\"@type\":\"ImageObject\",\"inLanguage\":\"fr-FR\",\"@id\":\"http:\/\/de-vv.com\/aeducentre\/#\/schema\/person\/image\/\",\"url\":\"https:\/\/secure.gravatar.com\/avatar\/ca34a452971e3ba21b6b20f825658a3e?s=96&d=mm&r=g\",\"contentUrl\":\"https:\/\/secure.gravatar.com\/avatar\/ca34a452971e3ba21b6b20f825658a3e?s=96&d=mm&r=g\",\"caption\":\"agence\"},\"url\":\"https:\/\/de-vv.com\/aeducentre\/author\/agence\/\"}]}<\/script>\n<!-- \/ Yoast SEO plugin. -->","yoast_head_json":{"title":"D\u00e9lai de pr\u00e9sentation au permis de conduire - Auto-\u00e9cole du Centre","description":"Les d\u00e9lais de pr\u00e9sentation \u00e0 l'examen du permis de conduire sont longs. L'Auto-\u00e9cole du Centre \u00e0 Boulogne-Billancourt vous pr\u00e9sente rapidement","robots":{"index":"noindex","follow":"follow","max-snippet":"max-snippet:-1","max-image-preview":"max-image-preview:large","max-video-preview":"max-video-preview:-1"},"og_locale":"fr_FR","og_type":"article","og_title":"D\u00e9lai de pr\u00e9sentation au permis de conduire - Auto-\u00e9cole du Centre","og_description":"Les d\u00e9lais de pr\u00e9sentation \u00e0 l'examen du permis de conduire sont longs. L'Auto-\u00e9cole du Centre \u00e0 Boulogne-Billancourt vous pr\u00e9sente rapidement","og_url":"https:\/\/de-vv.com\/aeducentre\/les-delais-de-presentation-au-permis-de-conduire\/","og_site_name":"Auto-\u00e9cole du Centre","article_publisher":"https:\/\/www.facebook.com\/ae.cettac","article_published_time":"2018-04-05T19:17:53+00:00","article_modified_time":"2023-04-05T19:27:50+00:00","og_image":[{"width":1280,"height":853,"url":"https:\/\/de-vv.com\/aeducentre\/wp-content\/uploads\/2023\/04\/delais-presentation-permis-de-conduire-boulogne-billancourt.jpg","type":"image\/jpeg"}],"author":"agence","twitter_card":"summary_large_image","twitter_misc":{"\u00c9crit par":"agence","Dur\u00e9e de lecture estim\u00e9e":"2 minutes"},"schema":{"@context":"https:\/\/schema.org","@graph":[{"@type":"Article","@id":"https:\/\/de-vv.com\/aeducentre\/les-delais-de-presentation-au-permis-de-conduire\/#article","isPartOf":{"@id":"https:\/\/de-vv.com\/aeducentre\/les-delais-de-presentation-au-permis-de-conduire\/"},"author":{"name":"agence","@id":"http:\/\/de-vv.com\/aeducentre\/#\/schema\/person\/e2b9f238bb625f7c38c0887664825633"},"headline":"Les d\u00e9lais de pr\u00e9sentation au permis de conduire","datePublished":"2018-04-05T19:17:53+00:00","dateModified":"2023-04-05T19:27:50+00:00","mainEntityOfPage":{"@id":"https:\/\/de-vv.com\/aeducentre\/les-delais-de-presentation-au-permis-de-conduire\/"},"wordCount":340,"commentCount":0,"publisher":{"@id":"http:\/\/de-vv.com\/aeducentre\/#organization"},"keywords":["d\u00e9lais d'attente","examen","Permis de conduire"],"articleSection":["Permis de conduire"],"inLanguage":"fr-FR","potentialAction":[{"@type":"CommentAction","name":"Comment","target":["https:\/\/de-vv.com\/aeducentre\/les-delais-de-presentation-au-permis-de-conduire\/#respond"]}]},{"@type":"WebPage","@id":"https:\/\/de-vv.com\/aeducentre\/les-delais-de-presentation-au-permis-de-conduire\/","url":"https:\/\/de-vv.com\/aeducentre\/les-delais-de-presentation-au-permis-de-conduire\/","name":"D\u00e9lai de pr\u00e9sentation au permis de conduire - Auto-\u00e9cole du Centre","isPartOf":{"@id":"http:\/\/de-vv.com\/aeducentre\/#website"},"datePublished":"2018-04-05T19:17:53+00:00","dateModified":"2023-04-05T19:27:50+00:00","description":"Les d\u00e9lais de pr\u00e9sentation \u00e0 l'examen du permis de conduire sont longs. L'Auto-\u00e9cole du Centre \u00e0 Boulogne-Billancourt vous pr\u00e9sente rapidement","breadcrumb":{"@id":"https:\/\/de-vv.com\/aeducentre\/les-delais-de-presentation-au-permis-de-conduire\/#breadcrumb"},"inLanguage":"fr-FR","potentialAction":[{"@type":"ReadAction","target":["https:\/\/de-vv.com\/aeducentre\/les-delais-de-presentation-au-permis-de-conduire\/"]}]},{"@type":"BreadcrumbList","@id":"https:\/\/de-vv.com\/aeducentre\/les-delais-de-presentation-au-permis-de-conduire\/#breadcrumb","itemListElement":[{"@type":"ListItem","position":1,"name":"Accueil","item":"http:\/\/de-vv.com\/aeducentre\/"},{"@type":"ListItem","position":2,"name":"Les d\u00e9lais de pr\u00e9sentation au permis de conduire"}]},{"@type":"WebSite","@id":"http:\/\/de-vv.com\/aeducentre\/#website","url":"http:\/\/de-vv.com\/aeducentre\/","name":"Auto-\u00e9cole du Centre","description":"Auto-\u00e9cole et Moto-\u00e9cole \u00e0 Boulogne-Billancourt","publisher":{"@id":"http:\/\/de-vv.com\/aeducentre\/#organization"},"potentialAction":[{"@type":"SearchAction","target":{"@type":"EntryPoint","urlTemplate":"http:\/\/de-vv.com\/aeducentre\/?s={search_term_string}"},"query-input":"required name=search_term_string"}],"inLanguage":"fr-FR"},{"@type":"Organization","@id":"http:\/\/de-vv.com\/aeducentre\/#organization","name":"Auto-\u00e9cole du Centre","url":"http:\/\/de-vv.com\/aeducentre\/","logo":{"@type":"ImageObject","inLanguage":"fr-FR","@id":"http:\/\/de-vv.com\/aeducentre\/#\/schema\/logo\/image\/","url":"http:\/\/de-vv.com\/aeducentre\/wp-content\/uploads\/2023\/04\/auto-ecole-cettac_boulogne_logo.png","contentUrl":"http:\/\/de-vv.com\/aeducentre\/wp-content\/uploads\/2023\/04\/auto-ecole-cettac_boulogne_logo.png","width":582,"height":385,"caption":"Auto-\u00e9cole du Centre"},"image":{"@id":"http:\/\/de-vv.com\/aeducentre\/#\/schema\/logo\/image\/"},"sameAs":["https:\/\/www.facebook.com\/ae.cettac"]},{"@type":"Person","@id":"http:\/\/de-vv.com\/aeducentre\/#\/schema\/person\/e2b9f238bb625f7c38c0887664825633","name":"agence","image":{"@type":"ImageObject","inLanguage":"fr-FR","@id":"http:\/\/de-vv.com\/aeducentre\/#\/schema\/person\/image\/","url":"https:\/\/secure.gravatar.com\/avatar\/ca34a452971e3ba21b6b20f825658a3e?s=96&d=mm&r=g","contentUrl":"https:\/\/secure.gravatar.com\/avatar\/ca34a452971e3ba21b6b20f825658a3e?s=96&d=mm&r=g","caption":"agence"},"url":"https:\/\/de-vv.com\/aeducentre\/author\/agence\/"}]}},"_links":{"self":[{"href":"https:\/\/de-vv.com\/aeducentre\/wp-json\/wp\/v2\/posts\/73"}],"collection":[{"href":"https:\/\/de-vv.com\/aeducentre\/wp-json\/wp\/v2\/posts"}],"about":[{"href":"https:\/\/de-vv.com\/aeducentre\/wp-json\/wp\/v2\/types\/post"}],"author":[{"embeddable":true,"href":"https:\/\/de-vv.com\/aeducentre\/wp-json\/wp\/v2\/users\/1"}],"replies":[{"embeddable":true,"href":"https:\/\/de-vv.com\/aeducentre\/wp-json\/wp\/v2\/comments?post=73"}],"version-history":[{"count":0,"href":"https:\/\/de-vv.com\/aeducentre\/wp-json\/wp\/v2\/posts\/73\/revisions"}],"wp:featuredmedia":[{"embeddable":true,"href":"https:\/\/de-vv.com\/aeducentre\/wp-json\/wp\/v2\/media\/74"}],"wp:attachment":[{"href":"https:\/\/de-vv.com\/aeducentre\/wp-json\/wp\/v2\/media?parent=73"}],"wp:term":[{"taxonomy":"category","embeddable":true,"href":"https:\/\/de-vv.com\/aeducentre\/wp-json\/wp\/v2\/categories?post=73"},{"taxonomy":"post_tag","embeddable":true,"href":"https:\/\/de-vv.com\/aeducentre\/wp-json\/wp\/v2\/tags?post=73"}],"curies":[{"name":"wp","href":"https:\/\/api.w.org\/{rel}","templated":true}]}}