{"id":233,"date":"2023-07-30T20:45:09","date_gmt":"2023-07-30T18:45:09","guid":{"rendered":"https:\/\/de-vv.com\/cermontrouge\/?p=233"},"modified":"2023-06-10T20:46:04","modified_gmt":"2023-06-10T18:46:04","slug":"cer-reseau-fete-ses-40-ans","status":"publish","type":"post","link":"https:\/\/de-vv.com\/cermontrouge\/cer-reseau-fete-ses-40-ans\/","title":{"rendered":"CER R\u00e9seau f\u00eate ses 40 ans !"},"content":{"rendered":"[vc_row type=\u00a0\u00bbin_container\u00a0\u00bb full_screen_row_position=\u00a0\u00bbmiddle\u00a0\u00bb column_margin=\u00a0\u00bbdefault\u00a0\u00bb scene_position=\u00a0\u00bbcenter\u00a0\u00bb text_color=\u00a0\u00bbdark\u00a0\u00bb text_align=\u00a0\u00bbleft\u00a0\u00bb overlay_strength=\u00a0\u00bb0.3&Prime; shape_divider_position=\u00a0\u00bbbottom\u00a0\u00bb bg_image_animation=\u00a0\u00bbnone\u00a0\u00bb][vc_column column_padding=\u00a0\u00bbpadding-2-percent\u00a0\u00bb column_padding_position=\u00a0\u00bball\u00a0\u00bb background_color_opacity=\u00a0\u00bb1&Prime; background_hover_color_opacity=\u00a0\u00bb1&Prime; column_link_target=\u00a0\u00bb_self\u00a0\u00bb column_shadow=\u00a0\u00bbnone\u00a0\u00bb column_border_radius=\u00a0\u00bbnone\u00a0\u00bb width=\u00a0\u00bb1\/1&Prime; tablet_width_inherit=\u00a0\u00bbdefault\u00a0\u00bb tablet_text_alignment=\u00a0\u00bbdefault\u00a0\u00bb phone_text_alignment=\u00a0\u00bbdefault\u00a0\u00bb overlay_strength=\u00a0\u00bb0.3&Prime; column_border_width=\u00a0\u00bbnone\u00a0\u00bb column_border_style=\u00a0\u00bbsolid\u00a0\u00bb bg_image_animation=\u00a0\u00bbnone\u00a0\u00bb][vc_column_text]Bonjour \u00e0 tous,<\/p>\n<p>Nous sommes heureux de vous annoncer que le r\u00e9seau CER f\u00eate ses 40 ans cette ann\u00e9e ! C&rsquo;est une occasion de c\u00e9l\u00e9brer l&rsquo;histoire et les valeurs de ce r\u00e9seau d&rsquo;auto-\u00e9coles et de centres de formation qui a pour objectif principal de participer activement \u00e0 l&rsquo;am\u00e9lioration de la s\u00e9curit\u00e9 routi\u00e8re de l&rsquo;ensemble des usagers de la route.<\/p>\n<p>Le r\u00e9seau CER a \u00e9t\u00e9 cr\u00e9\u00e9 en 1983 et regroupe aujourd&rsquo;hui plus de 550 enseignes r\u00e9parties sur l&rsquo;ensemble du territoire fran\u00e7ais. Les adh\u00e9rents au r\u00e9seau sont des chefs d&rsquo;entreprise ind\u00e9pendants qui ont fait le choix de se retrouver sous une m\u00eame banni\u00e8re pour partager leur savoir-faire, leur exp\u00e9rience et leur passion pour la conduite.<\/p>\n<p>Le r\u00e9seau CER propose des formations adapt\u00e9es \u00e0 tous les besoins et \u00e0 tous les profils : <a href=\"https:\/\/de-vv.com\/cermontrouge\/permis-auto\/\" target=\"_blank\" rel=\"noopener\">permis auto<\/a>, <a href=\"https:\/\/de-vv.com\/cermontrouge\/permis-a2\/\" target=\"_blank\" rel=\"noopener\">permis moto<\/a>, poids lourd, remorque, <a href=\"https:\/\/de-vv.com\/cermontrouge\/conduite-accompagnee\/\" target=\"_blank\" rel=\"noopener\">conduite accompagn\u00e9e<\/a>, <a href=\"https:\/\/de-vv.com\/cermontrouge\/conduite-supervisee\/\" target=\"_blank\" rel=\"noopener\">conduite supervis\u00e9e<\/a>, stage de r\u00e9cup\u00e9ration de points, formation post-permis, etc. Le r\u00e9seau CER s&rsquo;engage \u00e9galement \u00e0 offrir des prestations de qualit\u00e9, avec des v\u00e9hicules r\u00e9cents et bien entretenus, des moniteurs dipl\u00f4m\u00e9s et p\u00e9dagogues, des outils p\u00e9dagogiques innovants et un suivi personnalis\u00e9 des \u00e9l\u00e8ves.<\/p>\n<p>En 40 ans, le r\u00e9seau CER a form\u00e9 plus d&rsquo;un million de conducteurs responsables et respectueux des r\u00e8gles de s\u00e9curit\u00e9. C&rsquo;est une fiert\u00e9 pour nous et une motivation pour continuer \u00e0 vous accompagner dans votre apprentissage de la conduite.<\/p>\n<p>Nous vous invitons \u00e0 d\u00e9couvrir les offres et les actualit\u00e9s du r\u00e9seau CER sur notre site internet <a href=\"https:\/\/www.cer-reseau.com\/\" target=\"_blank\" rel=\"noopener\">www.cer-reseau.com<\/a>. Nous serons ravis de r\u00e9pondre \u00e0 vos questions et de vous accueillir dans l&rsquo;une de nos auto-\u00e9coles.<\/p>\n<p>Merci de votre confiance et \u00e0 bient\u00f4t sur la route ![\/vc_column_text][\/vc_column][\/vc_row]\n","protected":false},"excerpt":{"rendered":"<p>[vc_row type=\u00a0\u00bbin_container\u00a0\u00bb full_screen_row_position=\u00a0\u00bbmiddle\u00a0\u00bb column_margin=\u00a0\u00bbdefault\u00a0\u00bb scene_position=\u00a0\u00bbcenter\u00a0\u00bb text_color=\u00a0\u00bbdark\u00a0\u00bb text_align=\u00a0\u00bbleft\u00a0\u00bb overlay_strength=\u00a0\u00bb0.3&Prime; shape_divider_position=\u00a0\u00bbbottom\u00a0\u00bb bg_image_animation=\u00a0\u00bbnone\u00a0\u00bb][vc_column column_padding=\u00a0\u00bbpadding-2-percent\u00a0\u00bb column_padding_position=\u00a0\u00bball\u00a0\u00bb background_color_opacity=\u00a0\u00bb1&Prime; background_hover_color_opacity=\u00a0\u00bb1&Prime; column_link_target=\u00a0\u00bb_self\u00a0\u00bb column_shadow=\u00a0\u00bbnone\u00a0\u00bb column_border_radius=\u00a0\u00bbnone\u00a0\u00bb width=\u00a0\u00bb1\/1&Prime; tablet_width_inherit=\u00a0\u00bbdefault\u00a0\u00bb tablet_text_alignment=\u00a0\u00bbdefault\u00a0\u00bb phone_text_alignment=\u00a0\u00bbdefault\u00a0\u00bb overlay_strength=\u00a0\u00bb0.3&Prime; column_border_width=\u00a0\u00bbnone\u00a0\u00bb column_border_style=\u00a0\u00bbsolid\u00a0\u00bb bg_image_animation=\u00a0\u00bbnone\u00a0\u00bb][vc_column_text]Bonjour \u00e0 tous, Nous sommes heureux&#8230;<\/p>\n","protected":false},"author":1,"featured_media":82,"comment_status":"open","ping_status":"open","sticky":false,"template":"","format":"standard","meta":[],"categories":[8],"tags":[7,6],"yoast_head":"<!-- This site is optimized with the Yoast SEO plugin v21.8 - https:\/\/yoast.com\/wordpress\/plugins\/seo\/ -->\n<title>CER R\u00e9seau f\u00eate ses 40 ans ! - AK Auto-moto-\u00e9cole<\/title>\n<meta name=\"robots\" content=\"noindex, follow, max-snippet:-1, max-image-preview:large, max-video-preview:-1\" \/>\n<meta property=\"og:locale\" content=\"fr_FR\" \/>\n<meta property=\"og:type\" content=\"article\" \/>\n<meta property=\"og:title\" content=\"CER R\u00e9seau f\u00eate ses 40 ans ! - AK Auto-moto-\u00e9cole\" \/>\n<meta property=\"og:description\" content=\"[vc_row type=\u00a0\u00bbin_container\u00a0\u00bb full_screen_row_position=\u00a0\u00bbmiddle\u00a0\u00bb column_margin=\u00a0\u00bbdefault\u00a0\u00bb scene_position=\u00a0\u00bbcenter\u00a0\u00bb text_color=\u00a0\u00bbdark\u00a0\u00bb text_align=\u00a0\u00bbleft\u00a0\u00bb overlay_strength=\u00a0\u00bb0.3&Prime; shape_divider_position=\u00a0\u00bbbottom\u00a0\u00bb bg_image_animation=\u00a0\u00bbnone\u00a0\u00bb][vc_column column_padding=\u00a0\u00bbpadding-2-percent\u00a0\u00bb column_padding_position=\u00a0\u00bball\u00a0\u00bb background_color_opacity=\u00a0\u00bb1&Prime; background_hover_color_opacity=\u00a0\u00bb1&Prime; column_link_target=\u00a0\u00bb_self\u00a0\u00bb column_shadow=\u00a0\u00bbnone\u00a0\u00bb column_border_radius=\u00a0\u00bbnone\u00a0\u00bb width=\u00a0\u00bb1\/1&Prime; tablet_width_inherit=\u00a0\u00bbdefault\u00a0\u00bb tablet_text_alignment=\u00a0\u00bbdefault\u00a0\u00bb phone_text_alignment=\u00a0\u00bbdefault\u00a0\u00bb overlay_strength=\u00a0\u00bb0.3&Prime; column_border_width=\u00a0\u00bbnone\u00a0\u00bb column_border_style=\u00a0\u00bbsolid\u00a0\u00bb bg_image_animation=\u00a0\u00bbnone\u00a0\u00bb][vc_column_text]Bonjour \u00e0 tous, Nous sommes heureux...\" \/>\n<meta property=\"og:url\" content=\"https:\/\/de-vv.com\/cermontrouge\/cer-reseau-fete-ses-40-ans\/\" \/>\n<meta property=\"og:site_name\" content=\"AK Auto-moto-\u00e9cole\" \/>\n<meta property=\"article:published_time\" content=\"2023-07-30T18:45:09+00:00\" \/>\n<meta property=\"article:modified_time\" content=\"2023-06-10T18:46:04+00:00\" \/>\n<meta property=\"og:image\" content=\"https:\/\/de-vv.com\/cermontrouge\/wp-content\/uploads\/2023\/06\/CER-Reseau-40-ans.jpg\" \/>\n\t<meta property=\"og:image:width\" content=\"843\" \/>\n\t<meta property=\"og:image:height\" content=\"843\" \/>\n\t<meta property=\"og:image:type\" content=\"image\/jpeg\" \/>\n<meta name=\"author\" content=\"agence\" \/>\n<meta name=\"twitter:card\" content=\"summary_large_image\" \/>\n<meta name=\"twitter:label1\" content=\"\u00c9crit par\" \/>\n\t<meta name=\"twitter:data1\" content=\"agence\" \/>\n\t<meta name=\"twitter:label2\" content=\"Dur\u00e9e de lecture estim\u00e9e\" \/>\n\t<meta name=\"twitter:data2\" content=\"2 minutes\" \/>\n<script type=\"application\/ld+json\" class=\"yoast-schema-graph\">{\"@context\":\"https:\/\/schema.org\",\"@graph\":[{\"@type\":\"WebPage\",\"@id\":\"https:\/\/de-vv.com\/cermontrouge\/cer-reseau-fete-ses-40-ans\/\",\"url\":\"https:\/\/de-vv.com\/cermontrouge\/cer-reseau-fete-ses-40-ans\/\",\"name\":\"CER R\u00e9seau f\u00eate ses 40 ans ! - AK Auto-moto-\u00e9cole\",\"isPartOf\":{\"@id\":\"https:\/\/de-vv.com\/cermontrouge\/#website\"},\"datePublished\":\"2023-07-30T18:45:09+00:00\",\"dateModified\":\"2023-06-10T18:46:04+00:00\",\"author\":{\"@id\":\"https:\/\/de-vv.com\/cermontrouge\/#\/schema\/person\/501d2d31e6f6b5b174f81fcc938a3598\"},\"breadcrumb\":{\"@id\":\"https:\/\/de-vv.com\/cermontrouge\/cer-reseau-fete-ses-40-ans\/#breadcrumb\"},\"inLanguage\":\"fr-FR\",\"potentialAction\":[{\"@type\":\"ReadAction\",\"target\":[\"https:\/\/de-vv.com\/cermontrouge\/cer-reseau-fete-ses-40-ans\/\"]}]},{\"@type\":\"BreadcrumbList\",\"@id\":\"https:\/\/de-vv.com\/cermontrouge\/cer-reseau-fete-ses-40-ans\/#breadcrumb\",\"itemListElement\":[{\"@type\":\"ListItem\",\"position\":1,\"name\":\"Accueil\",\"item\":\"https:\/\/de-vv.com\/cermontrouge\/\"},{\"@type\":\"ListItem\",\"position\":2,\"name\":\"CER R\u00e9seau f\u00eate ses 40 ans !\"}]},{\"@type\":\"WebSite\",\"@id\":\"https:\/\/de-vv.com\/cermontrouge\/#website\",\"url\":\"https:\/\/de-vv.com\/cermontrouge\/\",\"name\":\"AK Auto-moto-\u00e9cole\",\"description\":\"votre auto-\u00e9cole \u00e0 Montrouge\",\"potentialAction\":[{\"@type\":\"SearchAction\",\"target\":{\"@type\":\"EntryPoint\",\"urlTemplate\":\"https:\/\/de-vv.com\/cermontrouge\/?s={search_term_string}\"},\"query-input\":\"required name=search_term_string\"}],\"inLanguage\":\"fr-FR\"},{\"@type\":\"Person\",\"@id\":\"https:\/\/de-vv.com\/cermontrouge\/#\/schema\/person\/501d2d31e6f6b5b174f81fcc938a3598\",\"name\":\"agence\",\"image\":{\"@type\":\"ImageObject\",\"inLanguage\":\"fr-FR\",\"@id\":\"https:\/\/de-vv.com\/cermontrouge\/#\/schema\/person\/image\/\",\"url\":\"https:\/\/secure.gravatar.com\/avatar\/ca34a452971e3ba21b6b20f825658a3e?s=96&d=mm&r=g\",\"contentUrl\":\"https:\/\/secure.gravatar.com\/avatar\/ca34a452971e3ba21b6b20f825658a3e?s=96&d=mm&r=g\",\"caption\":\"agence\"},\"url\":\"https:\/\/de-vv.com\/cermontrouge\/author\/agence\/\"}]}<\/script>\n<!-- \/ Yoast SEO plugin. -->","yoast_head_json":{"title":"CER R\u00e9seau f\u00eate ses 40 ans ! - AK Auto-moto-\u00e9cole","robots":{"index":"noindex","follow":"follow","max-snippet":"max-snippet:-1","max-image-preview":"max-image-preview:large","max-video-preview":"max-video-preview:-1"},"og_locale":"fr_FR","og_type":"article","og_title":"CER R\u00e9seau f\u00eate ses 40 ans ! - AK Auto-moto-\u00e9cole","og_description":"[vc_row type=\u00a0\u00bbin_container\u00a0\u00bb full_screen_row_position=\u00a0\u00bbmiddle\u00a0\u00bb column_margin=\u00a0\u00bbdefault\u00a0\u00bb scene_position=\u00a0\u00bbcenter\u00a0\u00bb text_color=\u00a0\u00bbdark\u00a0\u00bb text_align=\u00a0\u00bbleft\u00a0\u00bb overlay_strength=\u00a0\u00bb0.3&Prime; shape_divider_position=\u00a0\u00bbbottom\u00a0\u00bb bg_image_animation=\u00a0\u00bbnone\u00a0\u00bb][vc_column column_padding=\u00a0\u00bbpadding-2-percent\u00a0\u00bb column_padding_position=\u00a0\u00bball\u00a0\u00bb background_color_opacity=\u00a0\u00bb1&Prime; background_hover_color_opacity=\u00a0\u00bb1&Prime; column_link_target=\u00a0\u00bb_self\u00a0\u00bb column_shadow=\u00a0\u00bbnone\u00a0\u00bb column_border_radius=\u00a0\u00bbnone\u00a0\u00bb width=\u00a0\u00bb1\/1&Prime; tablet_width_inherit=\u00a0\u00bbdefault\u00a0\u00bb tablet_text_alignment=\u00a0\u00bbdefault\u00a0\u00bb phone_text_alignment=\u00a0\u00bbdefault\u00a0\u00bb overlay_strength=\u00a0\u00bb0.3&Prime; column_border_width=\u00a0\u00bbnone\u00a0\u00bb column_border_style=\u00a0\u00bbsolid\u00a0\u00bb bg_image_animation=\u00a0\u00bbnone\u00a0\u00bb][vc_column_text]Bonjour \u00e0 tous, Nous sommes heureux...","og_url":"https:\/\/de-vv.com\/cermontrouge\/cer-reseau-fete-ses-40-ans\/","og_site_name":"AK Auto-moto-\u00e9cole","article_published_time":"2023-07-30T18:45:09+00:00","article_modified_time":"2023-06-10T18:46:04+00:00","og_image":[{"width":843,"height":843,"url":"https:\/\/de-vv.com\/cermontrouge\/wp-content\/uploads\/2023\/06\/CER-Reseau-40-ans.jpg","type":"image\/jpeg"}],"author":"agence","twitter_card":"summary_large_image","twitter_misc":{"\u00c9crit par":"agence","Dur\u00e9e de lecture estim\u00e9e":"2 minutes"},"schema":{"@context":"https:\/\/schema.org","@graph":[{"@type":"WebPage","@id":"https:\/\/de-vv.com\/cermontrouge\/cer-reseau-fete-ses-40-ans\/","url":"https:\/\/de-vv.com\/cermontrouge\/cer-reseau-fete-ses-40-ans\/","name":"CER R\u00e9seau f\u00eate ses 40 ans ! - AK Auto-moto-\u00e9cole","isPartOf":{"@id":"https:\/\/de-vv.com\/cermontrouge\/#website"},"datePublished":"2023-07-30T18:45:09+00:00","dateModified":"2023-06-10T18:46:04+00:00","author":{"@id":"https:\/\/de-vv.com\/cermontrouge\/#\/schema\/person\/501d2d31e6f6b5b174f81fcc938a3598"},"breadcrumb":{"@id":"https:\/\/de-vv.com\/cermontrouge\/cer-reseau-fete-ses-40-ans\/#breadcrumb"},"inLanguage":"fr-FR","potentialAction":[{"@type":"ReadAction","target":["https:\/\/de-vv.com\/cermontrouge\/cer-reseau-fete-ses-40-ans\/"]}]},{"@type":"BreadcrumbList","@id":"https:\/\/de-vv.com\/cermontrouge\/cer-reseau-fete-ses-40-ans\/#breadcrumb","itemListElement":[{"@type":"ListItem","position":1,"name":"Accueil","item":"https:\/\/de-vv.com\/cermontrouge\/"},{"@type":"ListItem","position":2,"name":"CER R\u00e9seau f\u00eate ses 40 ans !"}]},{"@type":"WebSite","@id":"https:\/\/de-vv.com\/cermontrouge\/#website","url":"https:\/\/de-vv.com\/cermontrouge\/","name":"AK Auto-moto-\u00e9cole","description":"votre auto-\u00e9cole \u00e0 Montrouge","potentialAction":[{"@type":"SearchAction","target":{"@type":"EntryPoint","urlTemplate":"https:\/\/de-vv.com\/cermontrouge\/?s={search_term_string}"},"query-input":"required name=search_term_string"}],"inLanguage":"fr-FR"},{"@type":"Person","@id":"https:\/\/de-vv.com\/cermontrouge\/#\/schema\/person\/501d2d31e6f6b5b174f81fcc938a3598","name":"agence","image":{"@type":"ImageObject","inLanguage":"fr-FR","@id":"https:\/\/de-vv.com\/cermontrouge\/#\/schema\/person\/image\/","url":"https:\/\/secure.gravatar.com\/avatar\/ca34a452971e3ba21b6b20f825658a3e?s=96&d=mm&r=g","contentUrl":"https:\/\/secure.gravatar.com\/avatar\/ca34a452971e3ba21b6b20f825658a3e?s=96&d=mm&r=g","caption":"agence"},"url":"https:\/\/de-vv.com\/cermontrouge\/author\/agence\/"}]}},"_links":{"self":[{"href":"https:\/\/de-vv.com\/cermontrouge\/wp-json\/wp\/v2\/posts\/233"}],"collection":[{"href":"https:\/\/de-vv.com\/cermontrouge\/wp-json\/wp\/v2\/posts"}],"about":[{"href":"https:\/\/de-vv.com\/cermontrouge\/wp-json\/wp\/v2\/types\/post"}],"author":[{"embeddable":true,"href":"https:\/\/de-vv.com\/cermontrouge\/wp-json\/wp\/v2\/users\/1"}],"replies":[{"embeddable":true,"href":"https:\/\/de-vv.com\/cermontrouge\/wp-json\/wp\/v2\/comments?post=233"}],"version-history":[{"count":1,"href":"https:\/\/de-vv.com\/cermontrouge\/wp-json\/wp\/v2\/posts\/233\/revisions"}],"predecessor-version":[{"id":234,"href":"https:\/\/de-vv.com\/cermontrouge\/wp-json\/wp\/v2\/posts\/233\/revisions\/234"}],"wp:featuredmedia":[{"embeddable":true,"href":"https:\/\/de-vv.com\/cermontrouge\/wp-json\/wp\/v2\/media\/82"}],"wp:attachment":[{"href":"https:\/\/de-vv.com\/cermontrouge\/wp-json\/wp\/v2\/media?parent=233"}],"wp:term":[{"taxonomy":"category","embeddable":true,"href":"https:\/\/de-vv.com\/cermontrouge\/wp-json\/wp\/v2\/categories?post=233"},{"taxonomy":"post_tag","embeddable":true,"href":"https:\/\/de-vv.com\/cermontrouge\/wp-json\/wp\/v2\/tags?post=233"}],"curies":[{"name":"wp","href":"https:\/\/api.w.org\/{rel}","templated":true}]}}