{"id":282,"date":"2023-04-13T11:00:03","date_gmt":"2023-04-13T09:00:03","guid":{"rendered":"https:\/\/de-vv.com\/garedeclamart\/?p=282"},"modified":"2023-04-23T11:01:47","modified_gmt":"2023-04-23T09:01:47","slug":"notre-nouveau-site-internet-est-en-ligne","status":"publish","type":"post","link":"https:\/\/de-vv.com\/garedeclamart\/notre-nouveau-site-internet-est-en-ligne\/","title":{"rendered":"Notre nouveau site internet est en ligne"},"content":{"rendered":"[vc_row type=\u00a0\u00bbin_container\u00a0\u00bb full_screen_row_position=\u00a0\u00bbmiddle\u00a0\u00bb column_margin=\u00a0\u00bbdefault\u00a0\u00bb scene_position=\u00a0\u00bbcenter\u00a0\u00bb text_color=\u00a0\u00bbdark\u00a0\u00bb text_align=\u00a0\u00bbleft\u00a0\u00bb overlay_strength=\u00a0\u00bb0.3&Prime; shape_divider_position=\u00a0\u00bbbottom\u00a0\u00bb bg_image_animation=\u00a0\u00bbnone\u00a0\u00bb][vc_column column_padding=\u00a0\u00bbpadding-2-percent\u00a0\u00bb column_padding_position=\u00a0\u00bball\u00a0\u00bb background_color_opacity=\u00a0\u00bb1&Prime; background_hover_color_opacity=\u00a0\u00bb1&Prime; column_link_target=\u00a0\u00bb_self\u00a0\u00bb column_shadow=\u00a0\u00bbnone\u00a0\u00bb column_border_radius=\u00a0\u00bbnone\u00a0\u00bb width=\u00a0\u00bb1\/1&Prime; tablet_width_inherit=\u00a0\u00bbdefault\u00a0\u00bb tablet_text_alignment=\u00a0\u00bbdefault\u00a0\u00bb phone_text_alignment=\u00a0\u00bbdefault\u00a0\u00bb overlay_strength=\u00a0\u00bb0.3&Prime; column_border_width=\u00a0\u00bbnone\u00a0\u00bb column_border_style=\u00a0\u00bbsolid\u00a0\u00bb bg_image_animation=\u00a0\u00bbnone\u00a0\u00bb][vc_column_text css=\u00a0\u00bb.vc_custom_1682240435848{padding-bottom: 15px !important;}\u00a0\u00bb]Le nouveau site internet de l&rsquo;Auto-\u00e9cole de la Gare est en ligne ! Nous vous proposons un site plus moderne et plus complet avec l&rsquo;ensemble de nos formations au permis auto et moto.<\/p>\n<p>N&rsquo;h\u00e9sitez pas \u00e0 le consulter avant de venir vous inscrite. Nous sommes \u00e9galement disponible par t\u00e9l\u00e9phone pour tout renseignement ou inscription. \u00c0 bient\u00f4t ![\/vc_column_text][nectar_btn size=\u00a0\u00bblarge\u00a0\u00bb button_style=\u00a0\u00bbregular\u00a0\u00bb button_color_2=\u00a0\u00bbAccent-Color\u00a0\u00bb icon_family=\u00a0\u00bbnone\u00a0\u00bb url=\u00a0\u00bbtel:01.41.08.85.59&Prime; text=\u00a0\u00bb01 41 08 85 59&Prime; margin_top=\u00a0\u00bb5&Prime; margin_right=\u00a0\u00bb5&Prime; margin_bottom=\u00a0\u00bb5&Prime;][\/vc_column][\/vc_row]\n","protected":false},"excerpt":{"rendered":"<p>[vc_row type=\u00a0\u00bbin_container\u00a0\u00bb full_screen_row_position=\u00a0\u00bbmiddle\u00a0\u00bb column_margin=\u00a0\u00bbdefault\u00a0\u00bb scene_position=\u00a0\u00bbcenter\u00a0\u00bb text_color=\u00a0\u00bbdark\u00a0\u00bb text_align=\u00a0\u00bbleft\u00a0\u00bb overlay_strength=\u00a0\u00bb0.3&Prime; shape_divider_position=\u00a0\u00bbbottom\u00a0\u00bb bg_image_animation=\u00a0\u00bbnone\u00a0\u00bb][vc_column column_padding=\u00a0\u00bbpadding-2-percent\u00a0\u00bb column_padding_position=\u00a0\u00bball\u00a0\u00bb background_color_opacity=\u00a0\u00bb1&Prime; background_hover_color_opacity=\u00a0\u00bb1&Prime; column_link_target=\u00a0\u00bb_self\u00a0\u00bb column_shadow=\u00a0\u00bbnone\u00a0\u00bb column_border_radius=\u00a0\u00bbnone\u00a0\u00bb width=\u00a0\u00bb1\/1&Prime; tablet_width_inherit=\u00a0\u00bbdefault\u00a0\u00bb tablet_text_alignment=\u00a0\u00bbdefault\u00a0\u00bb phone_text_alignment=\u00a0\u00bbdefault\u00a0\u00bb overlay_strength=\u00a0\u00bb0.3&Prime; column_border_width=\u00a0\u00bbnone\u00a0\u00bb column_border_style=\u00a0\u00bbsolid\u00a0\u00bb bg_image_animation=\u00a0\u00bbnone\u00a0\u00bb][vc_column_text css=\u00a0\u00bb.vc_custom_1682240435848{padding-bottom: 15px !important;}\u00a0\u00bb]Le nouveau site&#8230;<\/p>\n","protected":false},"author":1,"featured_media":182,"comment_status":"open","ping_status":"open","sticky":false,"template":"","format":"standard","meta":[],"categories":[3],"tags":[5,6,4],"yoast_head":"<!-- This site is optimized with the Yoast SEO plugin v21.8.1 - https:\/\/yoast.com\/wordpress\/plugins\/seo\/ -->\n<title>Notre nouveau site internet est en ligne &#8211; Auto-\u00e9cole Gare<\/title>\n<meta name=\"robots\" content=\"noindex, follow, max-snippet:-1, max-image-preview:large, max-video-preview:-1\" \/>\n<meta property=\"og:locale\" content=\"fr_FR\" \/>\n<meta property=\"og:type\" content=\"article\" \/>\n<meta property=\"og:title\" content=\"Notre nouveau site internet est en ligne &#8211; Auto-\u00e9cole Gare\" \/>\n<meta property=\"og:description\" content=\"[vc_row type=\u00a0\u00bbin_container\u00a0\u00bb full_screen_row_position=\u00a0\u00bbmiddle\u00a0\u00bb column_margin=\u00a0\u00bbdefault\u00a0\u00bb scene_position=\u00a0\u00bbcenter\u00a0\u00bb text_color=\u00a0\u00bbdark\u00a0\u00bb text_align=\u00a0\u00bbleft\u00a0\u00bb overlay_strength=\u00a0\u00bb0.3&Prime; shape_divider_position=\u00a0\u00bbbottom\u00a0\u00bb bg_image_animation=\u00a0\u00bbnone\u00a0\u00bb][vc_column column_padding=\u00a0\u00bbpadding-2-percent\u00a0\u00bb column_padding_position=\u00a0\u00bball\u00a0\u00bb background_color_opacity=\u00a0\u00bb1&Prime; background_hover_color_opacity=\u00a0\u00bb1&Prime; column_link_target=\u00a0\u00bb_self\u00a0\u00bb column_shadow=\u00a0\u00bbnone\u00a0\u00bb column_border_radius=\u00a0\u00bbnone\u00a0\u00bb width=\u00a0\u00bb1\/1&Prime; tablet_width_inherit=\u00a0\u00bbdefault\u00a0\u00bb tablet_text_alignment=\u00a0\u00bbdefault\u00a0\u00bb phone_text_alignment=\u00a0\u00bbdefault\u00a0\u00bb overlay_strength=\u00a0\u00bb0.3&Prime; column_border_width=\u00a0\u00bbnone\u00a0\u00bb column_border_style=\u00a0\u00bbsolid\u00a0\u00bb bg_image_animation=\u00a0\u00bbnone\u00a0\u00bb][vc_column_text css=\u00a0\u00bb.vc_custom_1682240435848{padding-bottom: 15px !important;}\u00a0\u00bb]Le nouveau site...\" \/>\n<meta property=\"og:url\" content=\"https:\/\/de-vv.com\/garedeclamart\/notre-nouveau-site-internet-est-en-ligne\/\" \/>\n<meta property=\"og:site_name\" content=\"Auto-\u00e9cole Gare\" \/>\n<meta property=\"article:published_time\" content=\"2023-04-13T09:00:03+00:00\" \/>\n<meta property=\"article:modified_time\" content=\"2023-04-23T09:01:47+00:00\" \/>\n<meta property=\"og:image\" content=\"https:\/\/de-vv.com\/garedeclamart\/wp-content\/uploads\/2023\/04\/Permis-boite-manuelle-Auto-ecole-de-la-Gare-Clamart.png\" \/>\n\t<meta property=\"og:image:width\" content=\"768\" \/>\n\t<meta property=\"og:image:height\" content=\"512\" \/>\n\t<meta property=\"og:image:type\" content=\"image\/png\" \/>\n<meta name=\"author\" content=\"agence\" \/>\n<meta name=\"twitter:card\" content=\"summary_large_image\" \/>\n<meta name=\"twitter:label1\" content=\"\u00c9crit par\" \/>\n\t<meta name=\"twitter:data1\" content=\"agence\" \/>\n\t<meta name=\"twitter:label2\" content=\"Dur\u00e9e de lecture estim\u00e9e\" \/>\n\t<meta name=\"twitter:data2\" content=\"1 minute\" \/>\n<script type=\"application\/ld+json\" class=\"yoast-schema-graph\">{\"@context\":\"https:\/\/schema.org\",\"@graph\":[{\"@type\":\"WebPage\",\"@id\":\"https:\/\/de-vv.com\/garedeclamart\/notre-nouveau-site-internet-est-en-ligne\/\",\"url\":\"https:\/\/de-vv.com\/garedeclamart\/notre-nouveau-site-internet-est-en-ligne\/\",\"name\":\"Notre nouveau site internet est en ligne &#8211; Auto-\u00e9cole Gare\",\"isPartOf\":{\"@id\":\"https:\/\/de-vv.com\/garedeclamart\/#website\"},\"datePublished\":\"2023-04-13T09:00:03+00:00\",\"dateModified\":\"2023-04-23T09:01:47+00:00\",\"author\":{\"@id\":\"https:\/\/de-vv.com\/garedeclamart\/#\/schema\/person\/629239730c8820fc6e2478c7ae9b664d\"},\"breadcrumb\":{\"@id\":\"https:\/\/de-vv.com\/garedeclamart\/notre-nouveau-site-internet-est-en-ligne\/#breadcrumb\"},\"inLanguage\":\"fr-FR\",\"potentialAction\":[{\"@type\":\"ReadAction\",\"target\":[\"https:\/\/de-vv.com\/garedeclamart\/notre-nouveau-site-internet-est-en-ligne\/\"]}]},{\"@type\":\"BreadcrumbList\",\"@id\":\"https:\/\/de-vv.com\/garedeclamart\/notre-nouveau-site-internet-est-en-ligne\/#breadcrumb\",\"itemListElement\":[{\"@type\":\"ListItem\",\"position\":1,\"name\":\"Accueil\",\"item\":\"https:\/\/de-vv.com\/garedeclamart\/\"},{\"@type\":\"ListItem\",\"position\":2,\"name\":\"Notre nouveau site internet est en ligne\"}]},{\"@type\":\"WebSite\",\"@id\":\"https:\/\/de-vv.com\/garedeclamart\/#website\",\"url\":\"https:\/\/de-vv.com\/garedeclamart\/\",\"name\":\"Auto-\u00e9cole de la Gare \u00e0 Clamart\",\"description\":\"Permis Auto et Moto\",\"potentialAction\":[{\"@type\":\"SearchAction\",\"target\":{\"@type\":\"EntryPoint\",\"urlTemplate\":\"https:\/\/de-vv.com\/garedeclamart\/?s={search_term_string}\"},\"query-input\":\"required name=search_term_string\"}],\"inLanguage\":\"fr-FR\"},{\"@type\":\"Person\",\"@id\":\"https:\/\/de-vv.com\/garedeclamart\/#\/schema\/person\/629239730c8820fc6e2478c7ae9b664d\",\"name\":\"agence\",\"image\":{\"@type\":\"ImageObject\",\"inLanguage\":\"fr-FR\",\"@id\":\"https:\/\/de-vv.com\/garedeclamart\/#\/schema\/person\/image\/\",\"url\":\"https:\/\/secure.gravatar.com\/avatar\/ca34a452971e3ba21b6b20f825658a3e?s=96&d=mm&r=g\",\"contentUrl\":\"https:\/\/secure.gravatar.com\/avatar\/ca34a452971e3ba21b6b20f825658a3e?s=96&d=mm&r=g\",\"caption\":\"agence\"},\"url\":\"https:\/\/de-vv.com\/garedeclamart\/author\/agence\/\"}]}<\/script>\n<!-- \/ Yoast SEO plugin. -->","yoast_head_json":{"title":"Notre nouveau site internet est en ligne &#8211; Auto-\u00e9cole Gare","robots":{"index":"noindex","follow":"follow","max-snippet":"max-snippet:-1","max-image-preview":"max-image-preview:large","max-video-preview":"max-video-preview:-1"},"og_locale":"fr_FR","og_type":"article","og_title":"Notre nouveau site internet est en ligne &#8211; Auto-\u00e9cole Gare","og_description":"[vc_row type=\u00a0\u00bbin_container\u00a0\u00bb full_screen_row_position=\u00a0\u00bbmiddle\u00a0\u00bb column_margin=\u00a0\u00bbdefault\u00a0\u00bb scene_position=\u00a0\u00bbcenter\u00a0\u00bb text_color=\u00a0\u00bbdark\u00a0\u00bb text_align=\u00a0\u00bbleft\u00a0\u00bb overlay_strength=\u00a0\u00bb0.3&Prime; shape_divider_position=\u00a0\u00bbbottom\u00a0\u00bb bg_image_animation=\u00a0\u00bbnone\u00a0\u00bb][vc_column column_padding=\u00a0\u00bbpadding-2-percent\u00a0\u00bb column_padding_position=\u00a0\u00bball\u00a0\u00bb background_color_opacity=\u00a0\u00bb1&Prime; background_hover_color_opacity=\u00a0\u00bb1&Prime; column_link_target=\u00a0\u00bb_self\u00a0\u00bb column_shadow=\u00a0\u00bbnone\u00a0\u00bb column_border_radius=\u00a0\u00bbnone\u00a0\u00bb width=\u00a0\u00bb1\/1&Prime; tablet_width_inherit=\u00a0\u00bbdefault\u00a0\u00bb tablet_text_alignment=\u00a0\u00bbdefault\u00a0\u00bb phone_text_alignment=\u00a0\u00bbdefault\u00a0\u00bb overlay_strength=\u00a0\u00bb0.3&Prime; column_border_width=\u00a0\u00bbnone\u00a0\u00bb column_border_style=\u00a0\u00bbsolid\u00a0\u00bb bg_image_animation=\u00a0\u00bbnone\u00a0\u00bb][vc_column_text css=\u00a0\u00bb.vc_custom_1682240435848{padding-bottom: 15px !important;}\u00a0\u00bb]Le nouveau site...","og_url":"https:\/\/de-vv.com\/garedeclamart\/notre-nouveau-site-internet-est-en-ligne\/","og_site_name":"Auto-\u00e9cole Gare","article_published_time":"2023-04-13T09:00:03+00:00","article_modified_time":"2023-04-23T09:01:47+00:00","og_image":[{"width":768,"height":512,"url":"https:\/\/de-vv.com\/garedeclamart\/wp-content\/uploads\/2023\/04\/Permis-boite-manuelle-Auto-ecole-de-la-Gare-Clamart.png","type":"image\/png"}],"author":"agence","twitter_card":"summary_large_image","twitter_misc":{"\u00c9crit par":"agence","Dur\u00e9e de lecture estim\u00e9e":"1 minute"},"schema":{"@context":"https:\/\/schema.org","@graph":[{"@type":"WebPage","@id":"https:\/\/de-vv.com\/garedeclamart\/notre-nouveau-site-internet-est-en-ligne\/","url":"https:\/\/de-vv.com\/garedeclamart\/notre-nouveau-site-internet-est-en-ligne\/","name":"Notre nouveau site internet est en ligne &#8211; Auto-\u00e9cole Gare","isPartOf":{"@id":"https:\/\/de-vv.com\/garedeclamart\/#website"},"datePublished":"2023-04-13T09:00:03+00:00","dateModified":"2023-04-23T09:01:47+00:00","author":{"@id":"https:\/\/de-vv.com\/garedeclamart\/#\/schema\/person\/629239730c8820fc6e2478c7ae9b664d"},"breadcrumb":{"@id":"https:\/\/de-vv.com\/garedeclamart\/notre-nouveau-site-internet-est-en-ligne\/#breadcrumb"},"inLanguage":"fr-FR","potentialAction":[{"@type":"ReadAction","target":["https:\/\/de-vv.com\/garedeclamart\/notre-nouveau-site-internet-est-en-ligne\/"]}]},{"@type":"BreadcrumbList","@id":"https:\/\/de-vv.com\/garedeclamart\/notre-nouveau-site-internet-est-en-ligne\/#breadcrumb","itemListElement":[{"@type":"ListItem","position":1,"name":"Accueil","item":"https:\/\/de-vv.com\/garedeclamart\/"},{"@type":"ListItem","position":2,"name":"Notre nouveau site internet est en ligne"}]},{"@type":"WebSite","@id":"https:\/\/de-vv.com\/garedeclamart\/#website","url":"https:\/\/de-vv.com\/garedeclamart\/","name":"Auto-\u00e9cole de la Gare \u00e0 Clamart","description":"Permis Auto et Moto","potentialAction":[{"@type":"SearchAction","target":{"@type":"EntryPoint","urlTemplate":"https:\/\/de-vv.com\/garedeclamart\/?s={search_term_string}"},"query-input":"required name=search_term_string"}],"inLanguage":"fr-FR"},{"@type":"Person","@id":"https:\/\/de-vv.com\/garedeclamart\/#\/schema\/person\/629239730c8820fc6e2478c7ae9b664d","name":"agence","image":{"@type":"ImageObject","inLanguage":"fr-FR","@id":"https:\/\/de-vv.com\/garedeclamart\/#\/schema\/person\/image\/","url":"https:\/\/secure.gravatar.com\/avatar\/ca34a452971e3ba21b6b20f825658a3e?s=96&d=mm&r=g","contentUrl":"https:\/\/secure.gravatar.com\/avatar\/ca34a452971e3ba21b6b20f825658a3e?s=96&d=mm&r=g","caption":"agence"},"url":"https:\/\/de-vv.com\/garedeclamart\/author\/agence\/"}]}},"_links":{"self":[{"href":"https:\/\/de-vv.com\/garedeclamart\/wp-json\/wp\/v2\/posts\/282"}],"collection":[{"href":"https:\/\/de-vv.com\/garedeclamart\/wp-json\/wp\/v2\/posts"}],"about":[{"href":"https:\/\/de-vv.com\/garedeclamart\/wp-json\/wp\/v2\/types\/post"}],"author":[{"embeddable":true,"href":"https:\/\/de-vv.com\/garedeclamart\/wp-json\/wp\/v2\/users\/1"}],"replies":[{"embeddable":true,"href":"https:\/\/de-vv.com\/garedeclamart\/wp-json\/wp\/v2\/comments?post=282"}],"version-history":[{"count":2,"href":"https:\/\/de-vv.com\/garedeclamart\/wp-json\/wp\/v2\/posts\/282\/revisions"}],"predecessor-version":[{"id":284,"href":"https:\/\/de-vv.com\/garedeclamart\/wp-json\/wp\/v2\/posts\/282\/revisions\/284"}],"wp:featuredmedia":[{"embeddable":true,"href":"https:\/\/de-vv.com\/garedeclamart\/wp-json\/wp\/v2\/media\/182"}],"wp:attachment":[{"href":"https:\/\/de-vv.com\/garedeclamart\/wp-json\/wp\/v2\/media?parent=282"}],"wp:term":[{"taxonomy":"category","embeddable":true,"href":"https:\/\/de-vv.com\/garedeclamart\/wp-json\/wp\/v2\/categories?post=282"},{"taxonomy":"post_tag","embeddable":true,"href":"https:\/\/de-vv.com\/garedeclamart\/wp-json\/wp\/v2\/tags?post=282"}],"curies":[{"name":"wp","href":"https:\/\/api.w.org\/{rel}","templated":true}]}}